{"id":1634,"date":"2019-05-22T10:50:45","date_gmt":"2019-05-22T08:50:45","guid":{"rendered":"http:\/\/xn--lranshamnfrening-mwbj.se\/?p=1634"},"modified":"2019-05-22T10:53:34","modified_gmt":"2019-05-22T08:53:34","slug":"lorans-kapell-ett-nybygge-fran-1787","status":"publish","type":"post","link":"https:\/\/xn--lranshamnfrening-mwbj.se\/?p=1634","title":{"rendered":"L\u00f6rans kapell &#8211; ett nybygge fr\u00e5n 1787"},"content":{"rendered":"<p>Det troliga \u00e4r att L\u00f6rans kapell ursprungligen uppf\u00f6rdes strax efter det att fiskevattnen vid L\u00f6rudden och Br\u00e4m\u00f6n hade donerats till Sundsvalls stad 1624 genom kungliga privilegier. Men om det finns n\u00e5gonting kvar fr\u00e5n den tiden i den byggnad som finns idag \u00e4r en fr\u00e5ga som f\u00f6rst nu har kunnat besvaras.\u00a0<a href=\"http:\/\/xn--lranshamnfrening-mwbj.se\/wp-content\/uploads\/2019\/05\/fullsizeoutput_21ec.jpeg\"><img decoding=\"async\" loading=\"lazy\" class=\"alignright wp-image-1636\" src=\"http:\/\/xn--lranshamnfrening-mwbj.se\/wp-content\/uploads\/2019\/05\/fullsizeoutput_21ec-200x300.jpeg\" alt=\"\" width=\"347\" height=\"521\" srcset=\"https:\/\/xn--lranshamnfrening-mwbj.se\/wp-content\/uploads\/2019\/05\/fullsizeoutput_21ec-200x300.jpeg 200w, https:\/\/xn--lranshamnfrening-mwbj.se\/wp-content\/uploads\/2019\/05\/fullsizeoutput_21ec-768x1152.jpeg 768w, https:\/\/xn--lranshamnfrening-mwbj.se\/wp-content\/uploads\/2019\/05\/fullsizeoutput_21ec-683x1024.jpeg 683w, https:\/\/xn--lranshamnfrening-mwbj.se\/wp-content\/uploads\/2019\/05\/fullsizeoutput_21ec.jpeg 2048w\" sizes=\"(max-width: 347px) 100vw, 347px\" \/><\/a><\/p>\n<p>Det har varit k\u00e4nt att kapellet renoverats och byggts om vid flera tillf\u00e4llen och mycket har tytt p\u00e5 ett en total ombyggnad skedde med b\u00f6rjan 1787, men detta har inte kunnat bevisas f\u00f6rr\u00e4n nu n\u00e4r stockarna som kapellet \u00e4r byggt av har kunnat \u00e5ldersbest\u00e4mmas.<a href=\"http:\/\/xn--lranshamnfrening-mwbj.se\/wp-content\/uploads\/2019\/05\/fullsizeoutput_21e9.jpeg\"><img decoding=\"async\" loading=\"lazy\" class=\"alignright wp-image-1635\" src=\"http:\/\/xn--lranshamnfrening-mwbj.se\/wp-content\/uploads\/2019\/05\/fullsizeoutput_21e9-200x300.jpeg\" alt=\"\" width=\"342\" height=\"513\" srcset=\"https:\/\/xn--lranshamnfrening-mwbj.se\/wp-content\/uploads\/2019\/05\/fullsizeoutput_21e9-200x300.jpeg 200w, https:\/\/xn--lranshamnfrening-mwbj.se\/wp-content\/uploads\/2019\/05\/fullsizeoutput_21e9-768x1152.jpeg 768w, https:\/\/xn--lranshamnfrening-mwbj.se\/wp-content\/uploads\/2019\/05\/fullsizeoutput_21e9-683x1024.jpeg 683w, https:\/\/xn--lranshamnfrening-mwbj.se\/wp-content\/uploads\/2019\/05\/fullsizeoutput_21e9.jpeg 2048w\" sizes=\"(max-width: 342px) 100vw, 342px\" \/><\/a><\/p>\n<p>Under ledning av Daniel Olsson p\u00e5 L\u00e4nsmuseet G\u00e4vleborg gjordes i h\u00f6stas provborrningar p\u00e5 stockarna i kapellet. Proven s\u00e4ndes sedan iv\u00e4g f\u00f6r dendrokronologisk analys vid Lunds universitet d\u00e4r man har kunnat fastst\u00e4lla byggnadsvirkets \u00e5lder.<\/p>\n<p>Analyserna visar att stockarna &#8211; de flesta av tall &#8211; avverkades vintrarna 1784-1785 och 1786-1787 och att stockarna fr\u00e5n de tv\u00e5 avverkningss\u00e4songerna ligger varvade med varandra. Slutsatsen som dras av detta \u00e4r att den nuvarande kapellbyggnaden b\u00f6rjade uppf\u00f6ras 1787, vilket \u00e4ven efterl\u00e4mnade handlingar vittnar om.<\/p>\n<p>Analysen visar ocks\u00e5 att virket kanske inte \u00e4r hugget i n\u00e4romr\u00e5det trots att det var fiskarnas skyldighet att skaffa tv\u00e5 stockar vardera till bygget. Proverna liknar n\u00e4mligen ett referensmaterial som universitetet har fr\u00e5n Dalarna som \u00e4r giltigt ocks\u00e5 f\u00f6r delar av H\u00e4rjedalen och H\u00e4lsingland.<\/p>\n<p>Daniel Olsson ska nu tillsammans med en kollega skriva en bok om fiskarkapellen i V\u00e4sternorrland och d\u00e5 f\u00e5r vi veta mer om s\u00e5v\u00e4l L\u00f6rans som Br\u00e4m\u00f6ns kapell. \u00a0Boken skrivs p\u00e5 uppdrag av H\u00e4rn\u00f6sands stift.<\/p>\n","protected":false},"excerpt":{"rendered":"<p>Det troliga \u00e4r att L\u00f6rans kapell ursprungligen uppf\u00f6rdes strax efter det att fiskevattnen vid L\u00f6rudden och Br\u00e4m\u00f6n hade donerats till Sundsvalls stad 1624 genom kungliga privilegier. Men om det finns n\u00e5gonting kvar fr\u00e5n den tiden i den byggnad som finns &hellip; <a href=\"https:\/\/xn--lranshamnfrening-mwbj.se\/?p=1634\">Forts\u00e4tt l\u00e4sa <span class=\"meta-nav\">&rarr;<\/span><\/a><\/p>\n","protected":false},"author":2,"featured_media":0,"comment_status":"open","ping_status":"open","sticky":false,"template":"","format":"standard","meta":[],"categories":[1],"tags":[],"_links":{"self":[{"href":"https:\/\/xn--lranshamnfrening-mwbj.se\/index.php?rest_route=\/wp\/v2\/posts\/1634"}],"collection":[{"href":"https:\/\/xn--lranshamnfrening-mwbj.se\/index.php?rest_route=\/wp\/v2\/posts"}],"about":[{"href":"https:\/\/xn--lranshamnfrening-mwbj.se\/index.php?rest_route=\/wp\/v2\/types\/post"}],"author":[{"embeddable":true,"href":"https:\/\/xn--lranshamnfrening-mwbj.se\/index.php?rest_route=\/wp\/v2\/users\/2"}],"replies":[{"embeddable":true,"href":"https:\/\/xn--lranshamnfrening-mwbj.se\/index.php?rest_route=%2Fwp%2Fv2%2Fcomments&post=1634"}],"version-history":[{"count":2,"href":"https:\/\/xn--lranshamnfrening-mwbj.se\/index.php?rest_route=\/wp\/v2\/posts\/1634\/revisions"}],"predecessor-version":[{"id":1640,"href":"https:\/\/xn--lranshamnfrening-mwbj.se\/index.php?rest_route=\/wp\/v2\/posts\/1634\/revisions\/1640"}],"wp:attachment":[{"href":"https:\/\/xn--lranshamnfrening-mwbj.se\/index.php?rest_route=%2Fwp%2Fv2%2Fmedia&parent=1634"}],"wp:term":[{"taxonomy":"category","embeddable":true,"href":"https:\/\/xn--lranshamnfrening-mwbj.se\/index.php?rest_route=%2Fwp%2Fv2%2Fcategories&post=1634"},{"taxonomy":"post_tag","embeddable":true,"href":"https:\/\/xn--lranshamnfrening-mwbj.se\/index.php?rest_route=%2Fwp%2Fv2%2Ftags&post=1634"}],"curies":[{"name":"wp","href":"https:\/\/api.w.org\/{rel}","templated":true}]}}