{"id":399,"date":"2011-06-23T11:48:12","date_gmt":"2011-06-23T09:48:12","guid":{"rendered":"http:\/\/xn--lranshamnfrening-mwbj.se\/?p=399"},"modified":"2011-06-23T23:01:52","modified_gmt":"2011-06-23T21:01:52","slug":"mote-med-anledning-av-%e2%80%9dsannaprojektet%e2%80%9d","status":"publish","type":"post","link":"https:\/\/xn--lranshamnfrening-mwbj.se\/?p=399","title":{"rendered":"M\u00f6te med anledning av \u201dSannaprojektet\u201d"},"content":{"rendered":"<p>I dag den 22 juni har vi haft ett m\u00f6te h\u00e4r p\u00e5 L\u00f6ran med representanter f\u00f6r L\u00e4nsstyrelsen och Sundsvalls kommun ledningsgruppen samt Fastighetsverket.<\/p>\n<p><a href=\"http:\/\/xn--lranshamnfrening-mwbj.se\/wp-content\/uploads\/2011\/06\/IMG_0758del.jpg\"><img decoding=\"async\" loading=\"lazy\" class=\"alignright size-medium wp-image-400\" title=\"IMG_0758del\" src=\"http:\/\/xn--lranshamnfrening-mwbj.se\/wp-content\/uploads\/2011\/06\/IMG_0758del-300x236.jpg\" alt=\"\" width=\"300\" height=\"236\" srcset=\"https:\/\/xn--lranshamnfrening-mwbj.se\/wp-content\/uploads\/2011\/06\/IMG_0758del-300x236.jpg 300w, https:\/\/xn--lranshamnfrening-mwbj.se\/wp-content\/uploads\/2011\/06\/IMG_0758del.jpg 719w\" sizes=\"(max-width: 300px) 100vw, 300px\" \/><\/a>Vid m\u00f6tet medverkade \u00e4ven representanter f\u00f6r Hamnf\u00f6reningen samt f\u00f6reningarna p\u00e5 Br\u00e4m\u00f6n samt representanter f\u00f6r n\u00e4ringsidkarna p\u00e5 L\u00f6ran.<\/p>\n<p>M\u00f6tet handlade om att f\u00f6ruts\u00e4ttningsl\u00f6st diskutera m\u00f6jligheterna att skapa ett st\u00f6rre gemensamt utvecklingsprojekt i samverkan mellan L\u00f6ran och Br\u00e4m\u00f6n och d\u00e5 i f\u00f6rsta hand Sanna.<\/p>\n<p><a href=\"http:\/\/xn--lranshamnfrening-mwbj.se\/wp-content\/uploads\/2011\/06\/IMG_0761del.jpg\"><img decoding=\"async\" loading=\"lazy\" class=\"alignleft size-medium wp-image-401\" title=\"IMG_0761del\" src=\"http:\/\/xn--lranshamnfrening-mwbj.se\/wp-content\/uploads\/2011\/06\/IMG_0761del-300x200.jpg\" alt=\"\" width=\"300\" height=\"200\" srcset=\"https:\/\/xn--lranshamnfrening-mwbj.se\/wp-content\/uploads\/2011\/06\/IMG_0761del-300x200.jpg 300w, https:\/\/xn--lranshamnfrening-mwbj.se\/wp-content\/uploads\/2011\/06\/IMG_0761del-1024x682.jpg 1024w\" sizes=\"(max-width: 300px) 100vw, 300px\" \/><\/a>Det handlar om att rusta upp sannakajen och att rusta upp samt bygga ut hamnen p\u00e5 L\u00f6ran f\u00f6r att skapa f\u00f6ruts\u00e4ttningar f\u00f6r \u00f6kad bes\u00f6ksn\u00e4ring till Br\u00e4m\u00f6n och naturreservatet. Det kan \u00e4ven t\u00e4nkas att ytterligare mindre projekt kan inrymmas i en s\u00e5dan satsning. Diskussionerna f\u00f6rs utifr\u00e5n m\u00f6jligheten att f\u00e5 till st\u00e5nd ett m\u00e5l 2 projekt d\u00e4r EU-medel skulle kunna t\u00e4nkas t\u00e4cka en del av de investeringar som kr\u00e4vs.<\/p>\n<p>Diskussionerna f\u00f6rdes i en positiv och konstruktiv anda och vi fick en hel del positiva signaler och om den politiska ledningen \u00e4r med s\u00e5 v\u00e4ntar vi oss ett nytt m\u00f6te efter sommaren. Vi v\u00e4ntar besked om ungef\u00e4r en vecka i denna fr\u00e5ga. Fr\u00e5gan \u00e4r s\u00e5ledes inte d\u00f6d.<\/p>\n<p><a href=\"http:\/\/xn--lranshamnfrening-mwbj.se\/wp-content\/uploads\/2011\/06\/IMG_0762-del1.jpg\"><img decoding=\"async\" loading=\"lazy\" class=\"alignright size-medium wp-image-403\" title=\"IMG_0762 del\" src=\"http:\/\/xn--lranshamnfrening-mwbj.se\/wp-content\/uploads\/2011\/06\/IMG_0762-del1-e1308822245338-300x184.jpg\" alt=\"\" width=\"300\" height=\"184\" srcset=\"https:\/\/xn--lranshamnfrening-mwbj.se\/wp-content\/uploads\/2011\/06\/IMG_0762-del1-e1308822245338-300x184.jpg 300w, https:\/\/xn--lranshamnfrening-mwbj.se\/wp-content\/uploads\/2011\/06\/IMG_0762-del1-e1308822245338.jpg 838w\" sizes=\"(max-width: 300px) 100vw, 300px\" \/><\/a><\/p>\n<p>Efter m\u00f6tet passade vi p\u00e5 att visa runt p\u00e5 L\u00f6ran och eftersom vi hade tur med v\u00e4dret s\u00e5 uppskattades detta v\u00e4ldigt mycket. Flera av deltagarna fick \u00e4ven chansen att g\u00f6ra en del ink\u00f6p hos de lokala f\u00f6retagen.<\/p>\n<p>&nbsp;<\/p>\n<p><a href=\"http:\/\/xn--lranshamnfrening-mwbj.se\/wp-content\/uploads\/2011\/06\/IMG_0765del.jpg\"><img decoding=\"async\" loading=\"lazy\" class=\"alignleft size-medium wp-image-404\" title=\"IMG_0765del\" src=\"http:\/\/xn--lranshamnfrening-mwbj.se\/wp-content\/uploads\/2011\/06\/IMG_0765del-300x200.jpg\" alt=\"\" width=\"300\" height=\"200\" srcset=\"https:\/\/xn--lranshamnfrening-mwbj.se\/wp-content\/uploads\/2011\/06\/IMG_0765del-300x200.jpg 300w, https:\/\/xn--lranshamnfrening-mwbj.se\/wp-content\/uploads\/2011\/06\/IMG_0765del.jpg 850w\" sizes=\"(max-width: 300px) 100vw, 300px\" \/><\/a><\/p>\n<p>&nbsp;<\/p>\n<p>Det blev en i allt positiv dag och vi \u00e5terkommer med mera information p\u00e5 \u00e5rsm\u00f6tet.<\/p>\n<p>&nbsp;<\/p>\n<p>Nedtecknat av Roland Karlsson<\/p>\n","protected":false},"excerpt":{"rendered":"<p>I dag den 22 juni har vi haft ett m\u00f6te h\u00e4r p\u00e5 L\u00f6ran med representanter f\u00f6r L\u00e4nsstyrelsen och Sundsvalls kommun ledningsgruppen samt Fastighetsverket. Vid m\u00f6tet medverkade \u00e4ven representanter f\u00f6r Hamnf\u00f6reningen samt f\u00f6reningarna p\u00e5 Br\u00e4m\u00f6n samt representanter f\u00f6r n\u00e4ringsidkarna p\u00e5 L\u00f6ran. &hellip; <a href=\"https:\/\/xn--lranshamnfrening-mwbj.se\/?p=399\">Forts\u00e4tt l\u00e4sa <span class=\"meta-nav\">&rarr;<\/span><\/a><\/p>\n","protected":false},"author":3,"featured_media":0,"comment_status":"open","ping_status":"open","sticky":false,"template":"","format":"standard","meta":[],"categories":[1],"tags":[],"_links":{"self":[{"href":"https:\/\/xn--lranshamnfrening-mwbj.se\/index.php?rest_route=\/wp\/v2\/posts\/399"}],"collection":[{"href":"https:\/\/xn--lranshamnfrening-mwbj.se\/index.php?rest_route=\/wp\/v2\/posts"}],"about":[{"href":"https:\/\/xn--lranshamnfrening-mwbj.se\/index.php?rest_route=\/wp\/v2\/types\/post"}],"author":[{"embeddable":true,"href":"https:\/\/xn--lranshamnfrening-mwbj.se\/index.php?rest_route=\/wp\/v2\/users\/3"}],"replies":[{"embeddable":true,"href":"https:\/\/xn--lranshamnfrening-mwbj.se\/index.php?rest_route=%2Fwp%2Fv2%2Fcomments&post=399"}],"version-history":[{"count":4,"href":"https:\/\/xn--lranshamnfrening-mwbj.se\/index.php?rest_route=\/wp\/v2\/posts\/399\/revisions"}],"predecessor-version":[{"id":410,"href":"https:\/\/xn--lranshamnfrening-mwbj.se\/index.php?rest_route=\/wp\/v2\/posts\/399\/revisions\/410"}],"wp:attachment":[{"href":"https:\/\/xn--lranshamnfrening-mwbj.se\/index.php?rest_route=%2Fwp%2Fv2%2Fmedia&parent=399"}],"wp:term":[{"taxonomy":"category","embeddable":true,"href":"https:\/\/xn--lranshamnfrening-mwbj.se\/index.php?rest_route=%2Fwp%2Fv2%2Fcategories&post=399"},{"taxonomy":"post_tag","embeddable":true,"href":"https:\/\/xn--lranshamnfrening-mwbj.se\/index.php?rest_route=%2Fwp%2Fv2%2Ftags&post=399"}],"curies":[{"name":"wp","href":"https:\/\/api.w.org\/{rel}","templated":true}]}}