{"id":437,"date":"2011-07-08T10:27:10","date_gmt":"2011-07-08T08:27:10","guid":{"rendered":"http:\/\/xn--lranshamnfrening-mwbj.se\/?p=437"},"modified":"2011-07-08T10:27:10","modified_gmt":"2011-07-08T08:27:10","slug":"projektet-regional-utveckling-loran-%e2%80%93-sanna-bramon-lever-vidare","status":"publish","type":"post","link":"https:\/\/xn--lranshamnfrening-mwbj.se\/?p=437","title":{"rendered":"Projektet Regional utveckling  L\u00f6ran \u2013- Sanna, Br\u00e4m\u00f6n lever vidare."},"content":{"rendered":"<p><strong>Projektet Regional utveckling\u00a0 L\u00f6ran \u2013- Sanna, Br\u00e4m\u00f6n lever vidare.<\/strong><\/p>\n<p>Planerna p\u00e5 en st\u00f6rre satsning p\u00e5 regional utveckling L\u00f6ran \u2013 Sanna, Br\u00e4m\u00f6n har initierats av Sanna intressentf\u00f6rening och hamnf\u00f6reningen p\u00e5 L\u00f6ran. Representanter f\u00f6r f\u00f6reningarna har tr\u00e4ffat representanter f\u00f6r Sundsvalls kommun, Fastighetsverket och L\u00e4nsstyrelsen f\u00f6r att v\u00e4cka liv i denna fr\u00e5ga. Vid m\u00f6tet deltog \u00e4ven representanter f\u00f6r n\u00e4ringslivet p\u00e5 L\u00f6ran.<\/p>\n<p>Initiativet \u00e4r baserat p\u00e5 bl.a. de m\u00e5l som beskrivs i kommunens \u201dKustplan\u201d som fastst\u00e4lldes och beslutades under \u00e5rets f\u00f6rsta kvartal.<\/p>\n<p>Samarbetet i projektet syftar bl.a. till att ans\u00f6ka om EU-bidrag f\u00f6r att \u00f6ka omr\u00e5dets attraktivitet som turistm\u00e5l. I projektet ligger planer p\u00e5 att rusta upp hamnanl\u00e4ggningen p\u00e5 Sanna samt att rusta upp och bygga ut hamnen p\u00e5 L\u00f6ran.<\/p>\n<p>\u00a0Som vi rapporterade p\u00e5 \u00e5rsm\u00f6tet s\u00e5 v\u00e4ntade vi p\u00e5 ett n\u00e4sta steg i detta projekt.<\/p>\n<p>Det steget \u00e4r nu taget i r\u00e4tt riktning genom att Sundsvalls kommuns representant kommit tillbaks till oss med f\u00f6rslag till nytt m\u00f6te.<\/p>\n<p>Detta m\u00f6te blir f\u00f6rhoppningsvis under september m\u00e5nad. Alla parter har inte bekr\u00e4ftat datum \u00e4nnu och datum blir nog inte fastslaget f\u00f6rr\u00e4n efter semesterperioden.<\/p>\n","protected":false},"excerpt":{"rendered":"<p>Projektet Regional utveckling\u00a0 L\u00f6ran \u2013- Sanna, Br\u00e4m\u00f6n lever vidare. Planerna p\u00e5 en st\u00f6rre satsning p\u00e5 regional utveckling L\u00f6ran \u2013 Sanna, Br\u00e4m\u00f6n har initierats av Sanna intressentf\u00f6rening och hamnf\u00f6reningen p\u00e5 L\u00f6ran. Representanter f\u00f6r f\u00f6reningarna har tr\u00e4ffat representanter f\u00f6r Sundsvalls kommun, Fastighetsverket &hellip; <a href=\"https:\/\/xn--lranshamnfrening-mwbj.se\/?p=437\">Forts\u00e4tt l\u00e4sa <span class=\"meta-nav\">&rarr;<\/span><\/a><\/p>\n","protected":false},"author":3,"featured_media":0,"comment_status":"open","ping_status":"open","sticky":false,"template":"","format":"standard","meta":[],"categories":[1],"tags":[],"_links":{"self":[{"href":"https:\/\/xn--lranshamnfrening-mwbj.se\/index.php?rest_route=\/wp\/v2\/posts\/437"}],"collection":[{"href":"https:\/\/xn--lranshamnfrening-mwbj.se\/index.php?rest_route=\/wp\/v2\/posts"}],"about":[{"href":"https:\/\/xn--lranshamnfrening-mwbj.se\/index.php?rest_route=\/wp\/v2\/types\/post"}],"author":[{"embeddable":true,"href":"https:\/\/xn--lranshamnfrening-mwbj.se\/index.php?rest_route=\/wp\/v2\/users\/3"}],"replies":[{"embeddable":true,"href":"https:\/\/xn--lranshamnfrening-mwbj.se\/index.php?rest_route=%2Fwp%2Fv2%2Fcomments&post=437"}],"version-history":[{"count":2,"href":"https:\/\/xn--lranshamnfrening-mwbj.se\/index.php?rest_route=\/wp\/v2\/posts\/437\/revisions"}],"predecessor-version":[{"id":439,"href":"https:\/\/xn--lranshamnfrening-mwbj.se\/index.php?rest_route=\/wp\/v2\/posts\/437\/revisions\/439"}],"wp:attachment":[{"href":"https:\/\/xn--lranshamnfrening-mwbj.se\/index.php?rest_route=%2Fwp%2Fv2%2Fmedia&parent=437"}],"wp:term":[{"taxonomy":"category","embeddable":true,"href":"https:\/\/xn--lranshamnfrening-mwbj.se\/index.php?rest_route=%2Fwp%2Fv2%2Fcategories&post=437"},{"taxonomy":"post_tag","embeddable":true,"href":"https:\/\/xn--lranshamnfrening-mwbj.se\/index.php?rest_route=%2Fwp%2Fv2%2Ftags&post=437"}],"curies":[{"name":"wp","href":"https:\/\/api.w.org\/{rel}","templated":true}]}}