{"id":511,"date":"2011-09-29T11:11:49","date_gmt":"2011-09-29T09:11:49","guid":{"rendered":"http:\/\/xn--lranshamnfrening-mwbj.se\/?p=511"},"modified":"2011-09-29T11:11:49","modified_gmt":"2011-09-29T09:11:49","slug":"dags-att-plocka-upp-y-bommarna","status":"publish","type":"post","link":"https:\/\/xn--lranshamnfrening-mwbj.se\/?p=511","title":{"rendered":"Dags att plocka upp Y-bommarna"},"content":{"rendered":"<h1 style=\"text-align: left;\"><span style=\"color: #000000;\"><span style=\"font-family: Times New Roman;\">B\u00e5ts\u00e4songen lider mot sitt slut<\/span><\/span><\/h1>\n<p style=\"text-align: left;\"><span style=\"font-family: Times New Roman; color: #000000;\">Nu \u00e4r det dags att ta upp Y-bommarna i hamnen p\u00e5 L\u00f6ran.<\/span><\/p>\n<p><span style=\"font-family: Times New Roman; color: #000000;\">\u00a0<\/span><span style=\"font-family: Times New Roman; color: #000000;\">M\u00e5nga har redan tagit upp sina b\u00e5tar och nu p\u00e5 l\u00f6rdag den 8 oktober \u00e4r det dags att plocka upp Y-bommarna. Arbetet p\u00e5b\u00f6rjas kl 10.00 d\u00e5 avprickning sker.<\/span><\/p>\n<p><span style=\"font-family: Times New Roman; color: #000000;\">\u00a0<\/span><span style=\"font-family: Times New Roman; color: #000000;\">Det \u00e4r de som har y-bom som ansvarar f\u00f6r respektive bom och anm\u00e4lan om vem som kommer ska i god tid f\u00f6re den 8:e l\u00e4mnas till Roland Karlsson eller Stig Eriksson.<\/span><\/p>\n<p><span style=\"font-family: Times New Roman; color: #000000;\">\u00a0<\/span><span style=\"font-family: Times New Roman; color: #000000;\">Eftersom det \u00e4r m\u00e5nga som k\u00f6pt hj\u00e4lp med upptagningen s\u00e5 \u00e4r det en f\u00f6rdel om fler av hamnf\u00f6reningens medlemmar kan st\u00e4lla upp och hj\u00e4lpa till med bommarna \u00e4ven om man inte har egen bom.<\/span><\/p>\n<p><span style=\"font-family: Times New Roman; color: #000000;\">\u00a0<\/span><span style=\"font-family: Times New Roman; color: #000000;\">Det blir \u00e4ven som det brukar att vi serverar varm korv och dricka eller kaffe till de som hj\u00e4lper till med detta gemensamhetsarbete.<\/span><\/p>\n","protected":false},"excerpt":{"rendered":"<p>B\u00e5ts\u00e4songen lider mot sitt slut Nu \u00e4r det dags att ta upp Y-bommarna i hamnen p\u00e5 L\u00f6ran. \u00a0M\u00e5nga har redan tagit upp sina b\u00e5tar och nu p\u00e5 l\u00f6rdag den 8 oktober \u00e4r det dags att plocka upp Y-bommarna. Arbetet p\u00e5b\u00f6rjas &hellip; <a href=\"https:\/\/xn--lranshamnfrening-mwbj.se\/?p=511\">Forts\u00e4tt l\u00e4sa <span class=\"meta-nav\">&rarr;<\/span><\/a><\/p>\n","protected":false},"author":3,"featured_media":0,"comment_status":"open","ping_status":"open","sticky":false,"template":"","format":"standard","meta":[],"categories":[1],"tags":[],"_links":{"self":[{"href":"https:\/\/xn--lranshamnfrening-mwbj.se\/index.php?rest_route=\/wp\/v2\/posts\/511"}],"collection":[{"href":"https:\/\/xn--lranshamnfrening-mwbj.se\/index.php?rest_route=\/wp\/v2\/posts"}],"about":[{"href":"https:\/\/xn--lranshamnfrening-mwbj.se\/index.php?rest_route=\/wp\/v2\/types\/post"}],"author":[{"embeddable":true,"href":"https:\/\/xn--lranshamnfrening-mwbj.se\/index.php?rest_route=\/wp\/v2\/users\/3"}],"replies":[{"embeddable":true,"href":"https:\/\/xn--lranshamnfrening-mwbj.se\/index.php?rest_route=%2Fwp%2Fv2%2Fcomments&post=511"}],"version-history":[{"count":2,"href":"https:\/\/xn--lranshamnfrening-mwbj.se\/index.php?rest_route=\/wp\/v2\/posts\/511\/revisions"}],"predecessor-version":[{"id":514,"href":"https:\/\/xn--lranshamnfrening-mwbj.se\/index.php?rest_route=\/wp\/v2\/posts\/511\/revisions\/514"}],"wp:attachment":[{"href":"https:\/\/xn--lranshamnfrening-mwbj.se\/index.php?rest_route=%2Fwp%2Fv2%2Fmedia&parent=511"}],"wp:term":[{"taxonomy":"category","embeddable":true,"href":"https:\/\/xn--lranshamnfrening-mwbj.se\/index.php?rest_route=%2Fwp%2Fv2%2Fcategories&post=511"},{"taxonomy":"post_tag","embeddable":true,"href":"https:\/\/xn--lranshamnfrening-mwbj.se\/index.php?rest_route=%2Fwp%2Fv2%2Ftags&post=511"}],"curies":[{"name":"wp","href":"https:\/\/api.w.org\/{rel}","templated":true}]}}